{"id":14113,"date":"2026-03-13T16:46:06","date_gmt":"2026-03-13T15:46:06","guid":{"rendered":"https:\/\/tomasapostol.es\/wp\/?p=14113"},"modified":"2026-03-13T16:46:11","modified_gmt":"2026-03-13T15:46:11","slug":"espera-caravaca","status":"publish","type":"post","link":"https:\/\/tomasapostol.es\/wp\/2026\/03\/13\/espera-caravaca\/","title":{"rendered":"LISTA DE ESPERA: Pastoral Juvenil (Grupo 3 ESO). Peregrinaci\u00f3n a Caravaca de la Cruz."},"content":{"rendered":"\n<p class=\"has-medium-font-size\">El plazo de inscripci\u00f3n est\u00e1 <strong>CERRADO<\/strong>. A partir de ahora las nuevas son para <strong><mark style=\"background-color:rgba(0, 0, 0, 0)\" class=\"has-inline-color has-vivid-red-color\">LISTA DE ESPERA<\/mark><\/strong>.<\/p>\n\n\n\n<p class=\"has-medium-font-size\">Este a\u00f1o, Dios mediante, volveremos a peregrinar con el grupo de 3\u00ba de la ESO a <strong>Caravaca de la Cruz<\/strong>. Los a\u00f1os anteriores, esta peregrinaci\u00f3n ha supuesto una impresionante semana de gracia para todos los j\u00f3venes y para el grupo de adultos que junto con el p\u00e1rroco hemos podido acompa\u00f1arlos.<\/p>\n\n\n\n<p class=\"has-medium-font-size\">Ser\u00e1 como el pasado a\u00f1o en la <strong>semana <\/strong><em><strong>\u00abIn Albis<\/strong>\u00ab<\/em>, <strong>del 7 al 12 de abril<\/strong>. El precio de la peregrinaci\u00f3n son <strong>225 euros<\/strong>. Partiremos de <em>Santiago de la Espada en Ja\u00e9n<\/em>, cruzaremos a <em>Castilla la Mancha<\/em>, para acabar en la <em>Regi\u00f3n de Murcia, en Caravaca de la Cruz<\/em>. Ser\u00e1 toda una aventura para vuestros hijos <em>siguiendo los pasos de San Juan de la Cruz<\/em>, que en varias ocasiones realizo estos trayectos a pie.<\/p>\n\n\n\n<p class=\"has-medium-font-size\">Con la experiencia vivida por nosotros los a\u00f1os anteriores, las experiencias que los j\u00f3venes dieron y los comentarios agradecidos y contentos de los padres por ver como sus hijos hab\u00edan vuelto, os animamos, de verdad, a que favorezc\u00e1is en la medida de lo posible que no se pierdan esta peregrinaci\u00f3n.<\/p>\n\n\n\n<p class=\"has-medium-font-size\">\u00a1Ya est\u00e1n abiertas las inscripciones! Pod\u00e9is hacerla a trav\u00e9s de <a href=\"https:\/\/forms.gle\/Cp3C2ZnWX3dh1kc2A\" target=\"_blank\" rel=\"noreferrer noopener\"><strong>este formulario<\/strong><\/a>. Es necesario que lo respond\u00e1is, que realic\u00e9is un ingreso de <strong>50 euros<\/strong> y que nos envi\u00e9is el <strong>justificante de pago<\/strong> a este correo electr\u00f3nico: <em><strong><a href=\"mailto:pastoraljuvenil@tomasapostol.es\" target=\"_blank\" rel=\"noreferrer noopener\">pastoraljuvenil@tomasapostol.es<\/a><\/strong><\/em><\/p>\n\n\n\n<p class=\"has-medium-font-size\">A continuaci\u00f3n, os dejamos los datos para qu\u00e9 pod\u00e1is realizar los ingresos. <br>Concepto: <strong>Caravaca2026_apellido nombre <\/strong>(del inscrito). <br>N\u00famero de cuenta: <strong>ES24 2100 2270 8002 0049 8610<\/strong> Caixa Bank. <br>Titular<strong>: Parroquia Santo Tom\u00e1s Ap\u00f3stol.<\/strong><\/p>\n\n\n\n<p class=\"has-medium-font-size\">Por favor, ya conoc\u00e9is el esp\u00edritu con que se hace todo en esta parroquia, por eso os pedimos que el dinero sea el \u00faltimo de los obst\u00e1culos, y si es el caso, contactad con nosotros para ver si podemos solucionarlo.<\/p>\n\n\n\n<p class=\"has-text-align-center has-medium-font-size\">\u00a1<em>\u00c1nimo<\/em>!<\/p>\n\n\n\n<p class=\"has-text-align-center has-medium-font-size\"><em>El p\u00e1rroco y el equipo de Pastoral&nbsp;Juvenil<\/em><\/p>\n\n\n\n<p class=\"has-text-align-center has-vivid-red-color has-text-color has-medium-font-size\">Las <strong>PLAZAS<\/strong> son <strong>LIMITADAS<\/strong>.<\/p>\n\n\n\n<p class=\"has-text-align-center\" style=\"font-size:15px\">Si tienen alguna duda o necesitan ponerse en contacto pueden escribir al correo de pastoral o llamarme por tel\u00e9fono (<strong>D\u00e9borah Wieden 638209849<\/strong>)<\/p>\n\n\n\n<p class=\"has-text-align-center\" style=\"font-size:25px\"><strong><a href=\"https:\/\/forms.gle\/Cp3C2ZnWX3dh1kc2A\" target=\"_blank\" rel=\"noreferrer noopener\">FORMULARIO DE INSCRIPCI\u00d3N<\/a><\/strong><\/p>\n\n\n<div class=\"wp-block-image\">\n<figure class=\"aligncenter size-large is-resized\"><img data-recalc-dims=\"1\" loading=\"lazy\" decoding=\"async\" width=\"1200\" height=\"848\" src=\"https:\/\/i0.wp.com\/tomasapostol.es\/wp\/wp-content\/uploads\/2026\/01\/PEREGRINACION-PASCUA-2026.png?resize=1200%2C848&#038;ssl=1\" alt=\"\" class=\"wp-image-13762\" style=\"object-fit:cover;width:940px;height:664px\"\/><\/figure>\n<\/div>","protected":false},"excerpt":{"rendered":"<p>Peregrinaci\u00f3n a Caravaca de la Cruz.<br \/>\n3\u00ba de la ESO del 7 al 12 de abril<\/p>\n","protected":false},"author":1,"featured_media":13762,"comment_status":"closed","ping_status":"closed","sticky":false,"template":"","format":"standard","meta":{"jetpack_post_was_ever_published":false,"_jetpack_newsletter_access":"","_jetpack_dont_email_post_to_subs":false,"_jetpack_newsletter_tier_id":0,"_jetpack_memberships_contains_paywalled_content":false,"_jetpack_memberships_contains_paid_content":false,"footnotes":""},"categories":[92,4,86],"tags":[340,18,19],"class_list":["post-14113","post","type-post","status-publish","format-standard","has-post-thumbnail","hentry","category-jovenes","category-pastoral","category-peregrinacion","tag-caravaca","tag-pastoral-juvenil","tag-peregrinacion"],"jetpack_featured_media_url":"https:\/\/i0.wp.com\/tomasapostol.es\/wp\/wp-content\/uploads\/2026\/01\/PEREGRINACION-PASCUA-2026-e1767742070390.png?fit=297%2C210&ssl=1","jetpack_shortlink":"https:\/\/wp.me\/p8ElBS-3FD","jetpack_sharing_enabled":true,"publishpress_future_action":{"enabled":false,"date":"2026-05-05 16:03:49","action":"change-status","newStatus":"draft","terms":[],"taxonomy":"category","extraData":[]},"publishpress_future_workflow_manual_trigger":{"enabledWorkflows":[]},"_links":{"self":[{"href":"https:\/\/tomasapostol.es\/wp\/wp-json\/wp\/v2\/posts\/14113","targetHints":{"allow":["GET"]}}],"collection":[{"href":"https:\/\/tomasapostol.es\/wp\/wp-json\/wp\/v2\/posts"}],"about":[{"href":"https:\/\/tomasapostol.es\/wp\/wp-json\/wp\/v2\/types\/post"}],"author":[{"embeddable":true,"href":"https:\/\/tomasapostol.es\/wp\/wp-json\/wp\/v2\/users\/1"}],"replies":[{"embeddable":true,"href":"https:\/\/tomasapostol.es\/wp\/wp-json\/wp\/v2\/comments?post=14113"}],"version-history":[{"count":2,"href":"https:\/\/tomasapostol.es\/wp\/wp-json\/wp\/v2\/posts\/14113\/revisions"}],"predecessor-version":[{"id":14115,"href":"https:\/\/tomasapostol.es\/wp\/wp-json\/wp\/v2\/posts\/14113\/revisions\/14115"}],"wp:featuredmedia":[{"embeddable":true,"href":"https:\/\/tomasapostol.es\/wp\/wp-json\/wp\/v2\/media\/13762"}],"wp:attachment":[{"href":"https:\/\/tomasapostol.es\/wp\/wp-json\/wp\/v2\/media?parent=14113"}],"wp:term":[{"taxonomy":"category","embeddable":true,"href":"https:\/\/tomasapostol.es\/wp\/wp-json\/wp\/v2\/categories?post=14113"},{"taxonomy":"post_tag","embeddable":true,"href":"https:\/\/tomasapostol.es\/wp\/wp-json\/wp\/v2\/tags?post=14113"}],"curies":[{"name":"wp","href":"https:\/\/api.w.org\/{rel}","templated":true}]}}